{"id":623,"date":"2025-12-18T06:16:56","date_gmt":"2025-12-18T03:16:56","guid":{"rendered":"http:\/\/www.zeytindergisi.com\/?p=623"},"modified":"2025-12-24T12:12:03","modified_gmt":"2025-12-24T09:12:03","slug":"italyada-sektor-durumu","status":"publish","type":"post","link":"http:\/\/www.zeytindergisi.com\/index.php\/2025\/12\/18\/italyada-sektor-durumu\/","title":{"rendered":"\u0130talya&#8217;dan G\u00fcncel Haberler"},"content":{"rendered":"\n<p style=\"font-size:16px;font-style:normal;font-weight:400\"><strong>\u00dcretim Zorluklar\u0131:<\/strong> \u0130talyan zeytinya\u011f\u0131 \u00fcretimi 2024\/25 hasat sezonunda 250.000 metrik tona d\u00fc\u015ferek, bir \u00f6nceki sezona k\u0131yasla %24-32 oran\u0131nda gerileme kaydetti (kaynak: <a href=\"https:\/\/www.oliveoiltimes.com\/production\/italian-olive-oil-sector-demonstrates-resilience-in-new-report\/141373\" target=\"_blank\" rel=\"noreferrer noopener\">Olive Oil Times<\/a>). Ba\u015fl\u0131ca nedenler aras\u0131nda kurakl\u0131k, rekor s\u0131caklar ve \u00f6zellikle Puglia ve Sicilya gibi b\u00fcy\u00fck \u00fcretim b\u00f6lgelerini etkileyen iklim de\u011fi\u015fikli\u011fi etkileri yer al\u0131yor.<\/p>\n\n\n\n<p style=\"font-size:16px;font-style:normal;font-weight:400\"><strong>Fiyat Dinamikleri:<\/strong> \u0130talyan s\u0131zma zeytinya\u011f\u0131 fiyatlar\u0131 2024 y\u0131l\u0131nda %30 artarak kilogram ba\u015f\u0131na yakla\u015f\u0131k 9,30 \u20ac&#8217;ya ula\u015ft\u0131 (kaynak:<a href=\"https:\/\/news.italianfood.net\/2025\/02\/11\/italian-extra-virgin-olive-oil-prices-surge-by-30-in-2024\/\" target=\"_blank\" rel=\"noreferrer noopener\">Italianfood.net<\/a>). \u00dcretimdeki d\u00fc\u015f\u00fc\u015fe ra\u011fmen, \u0130talyan zeytinya\u011f\u0131 ihracat\u0131 2024 y\u0131l\u0131nda hacim olarak %6,8 art\u0131\u015fla 344.000 tona y\u00fckseldi ve de\u011fer olarak 3,09 milyar \u20ac&#8217;yu a\u015farak 2023&#8217;e g\u00f6re %43 art\u0131\u015f g\u00f6sterdi <\/p>\n\n\n<div class=\"wp-block-image\">\n<figure class=\"aligncenter size-full\"><img loading=\"lazy\" decoding=\"async\" width=\"539\" height=\"294\" src=\"http:\/\/www.zeytindergisi.com\/wp-content\/uploads\/2025\/12\/zeytindergisi_italya_1.jpg\" alt=\"\" class=\"wp-image-629\" srcset=\"http:\/\/www.zeytindergisi.com\/wp-content\/uploads\/2025\/12\/zeytindergisi_italya_1.jpg 539w, http:\/\/www.zeytindergisi.com\/wp-content\/uploads\/2025\/12\/zeytindergisi_italya_1-300x164.jpg 300w\" sizes=\"auto, (max-width: 539px) 100vw, 539px\" \/><\/figure>\n<\/div>\n\n\n<p style=\"font-size:16px;font-style:normal;font-weight:400\"><strong>T\u00fcketici E\u011filimleri:<\/strong> \u0130talya&#8217;da ki\u015fi ba\u015f\u0131na zeytinya\u011f\u0131 t\u00fcketimi 2024 y\u0131l\u0131nda y\u0131ll\u0131k yakla\u015f\u0131k 7,5 litreye geriledi; t\u00fcketiciler fiyat bask\u0131lar\u0131 nedeniyle giderek daha ucuz se\u00e7eneklere y\u00f6neliyor. Ancak kaliteye ve korumal\u0131 men\u015fe sertifikalar\u0131na (DOP\/IGP) \u00f6ncelik veren g\u00fc\u00e7l\u00fc bir premium segment devam ediyor.<\/p>\n\n\n\n<h3 class=\"wp-block-heading\"><strong>Teknolojik Yenilikler<\/strong><\/h3>\n\n\n\n<p style=\"font-size:16px;font-style:normal;font-weight:400\"><strong>\u0130\u015fleme Teknolojileri:<\/strong> \u0130talya, zeytinya\u011f\u0131 \u00fcretim altyap\u0131s\u0131n\u0131 modernize etmek i\u00e7in yo\u011fun yat\u0131r\u0131mlar yap\u0131yor. 100 milyon \u20ac&#8217;luk bir kamu fonu giri\u015fimi, 2026&#8217;dan itibaren \u0130talya genelindeki zeytinya\u011f\u0131 fabrikalar\u0131n\u0131 y\u00fckseltmeyi ama\u00e7l\u0131yor; fonlar \u00fcr\u00fcn kalitesini, s\u00fcrd\u00fcr\u00fclebilirli\u011fi ve yenili\u011fi art\u0131rmak i\u00e7in da\u011f\u0131t\u0131lacak. B\u00fcy\u00fck yat\u0131r\u0131mlar aras\u0131nda Puglia i\u00e7in 27 milyon \u20ac, Calabria i\u00e7in 16,5 milyon \u20ac ve Sicilya i\u00e7in 13 milyon \u20ac bulunuyor.<\/p>\n\n\n\n<p style=\"font-size:16px;font-style:normal;font-weight:500\">\u0130talyan \u00fcreticiler \u015fu ileri ekstraksiyon teknolojilerini benimsiyor:<\/p>\n\n\n\n<ul class=\"wp-block-list\">\n<li style=\"font-size:16px;font-style:normal;font-weight:400\">Malaksasyon s\u0131ras\u0131nda yo\u011furmay\u0131 ortadan kald\u0131rarak g\u00fcnl\u00fck ya\u011f \u00fcretimini %45 art\u0131ran ve %35 enerji tasarrufu sa\u011flayan <strong>ultrason ve darbeli elektrik alan (PEF) uygulamalar\u0131<\/strong><\/li>\n\n\n\n<li style=\"font-size:16px;font-style:normal;font-weight:400\">Ya\u011f kalitesini koruyan ve raf \u00f6mr\u00fcn\u00fc uzatan, azot kontroll\u00fc ortamlarla birle\u015ftirilmi\u015f <strong>susuz ekstraksiyon teknikleri<\/strong><\/li>\n\n\n\n<li style=\"font-size:16px;font-style:normal;font-weight:400\">\u00dcretim verimlili\u011fini art\u0131rmak ve \u00e7evresel etkiyi azaltmak i\u00e7in <strong>hassas sulama ve IoT tabanl\u0131 izleme sistemleri<\/strong><\/li>\n<\/ul>\n\n\n\n<p style=\"font-size:16px;font-style:normal;font-weight:400\"><strong>\u0130zlenebilirlik i\u00e7in Blockchain:<\/strong> 15 b\u00f6lgede 250.000&#8217;den fazla \u00fcyeyi temsil eden Italia Olivicola, Euranet ile ortakl\u0131k kurarak Algorand platformunu kullanan blockchain teknolojisini uygulamaya koydu. Bu sistem her \u00f6nemli i\u015flem i\u00e7in NFT d\u00fczenleyerek, \u00e7iftlikten t\u00fcketiciye kadar tam \u00fcr\u00fcn izlenebilirli\u011fi sa\u011flayan ve sahtecili\u011fe kar\u015f\u0131 koruma sunan de\u011fi\u015ftirilemez bir dijital kay\u0131t olu\u015fturuyor.<\/p>\n\n\n\n<h3 class=\"wp-block-heading\"><strong>H\u00fck\u00fcmet Giri\u015fimleri<\/strong><\/h3>\n\n\n\n<p style=\"font-size:16px;font-style:normal;font-weight:400\">\u0130talyan h\u00fck\u00fcmeti iddial\u0131 hedeflerle Ulusal Zeytin Plan\u0131&#8217;n\u0131 a\u00e7\u0131klad\u0131: \u00f6n\u00fcm\u00fczdeki on y\u0131l i\u00e7inde zeytinya\u011f\u0131 \u00fcretimini %25 art\u0131rmak ve \u00fcretim maliyetlerini en az %20 azaltmak. Strateji, tedarik zincirini g\u00fc\u00e7lendirmeye, zeytinya\u011f\u0131 fabrikalar\u0131n\u0131 desteklemeye, yeni yeti\u015ftirme alanlar\u0131n\u0131 te\u015fvik etmeye ve i\u015fletmeciler aras\u0131nda daha fazla i\u015f birli\u011fini te\u015fvik etmeye odaklan\u0131yor.<\/p>\n\n\n\n<p style=\"font-size:16px;font-style:normal;font-weight:400\">Sekt\u00f6r \u015fu anda yakla\u015f\u0131k 620.000 kay\u0131tl\u0131 \u015firketten ve 4.240 aktif zeytinya\u011f\u0131 fabrikas\u0131ndan olu\u015fuyor; \u0130talya&#8217;n\u0131n bir milyon hektarl\u0131k zeytin bah\u00e7esinin neredeyse d\u00f6rtte biri organik olarak i\u015fletiliyor.<\/p>\n\n\n\n<p><\/p>\n","protected":false},"excerpt":{"rendered":"<p>\u0130talya zeytinya\u011f\u0131 sekt\u00f6r\u00fcnde iklim kaynakl\u0131 \u00fcretim d\u00fc\u015f\u00fc\u015f\u00fc, artan fiyatlar ve de\u011fi\u015fen t\u00fcketici e\u011filimlerine ra\u011fmen; teknolojik modernizasyon, blockchain tabanl\u0131 izlenebilirlik ve devlet destekli Ulusal Zeytin Plan\u0131 ile s\u00fcrd\u00fcr\u00fclebilirlik ve rekabet g\u00fcc\u00fcn\u00fcn art\u0131r\u0131lmas\u0131n\u0131 ele al\u0131yor.<\/p>\n","protected":false},"author":1,"featured_media":0,"comment_status":"closed","ping_status":"closed","sticky":false,"template":"","format":"standard","meta":{"footnotes":""},"categories":[1,9,5],"tags":[31,58,15],"class_list":["post-623","post","type-post","status-publish","format-standard","hentry","category-genel","category-sektorel","category-uretim","tag-zeytinyagi","tag-italya","tag-zeytin"],"_links":{"self":[{"href":"http:\/\/www.zeytindergisi.com\/index.php\/wp-json\/wp\/v2\/posts\/623","targetHints":{"allow":["GET"]}}],"collection":[{"href":"http:\/\/www.zeytindergisi.com\/index.php\/wp-json\/wp\/v2\/posts"}],"about":[{"href":"http:\/\/www.zeytindergisi.com\/index.php\/wp-json\/wp\/v2\/types\/post"}],"author":[{"embeddable":true,"href":"http:\/\/www.zeytindergisi.com\/index.php\/wp-json\/wp\/v2\/users\/1"}],"replies":[{"embeddable":true,"href":"http:\/\/www.zeytindergisi.com\/index.php\/wp-json\/wp\/v2\/comments?post=623"}],"version-history":[{"count":9,"href":"http:\/\/www.zeytindergisi.com\/index.php\/wp-json\/wp\/v2\/posts\/623\/revisions"}],"predecessor-version":[{"id":641,"href":"http:\/\/www.zeytindergisi.com\/index.php\/wp-json\/wp\/v2\/posts\/623\/revisions\/641"}],"wp:attachment":[{"href":"http:\/\/www.zeytindergisi.com\/index.php\/wp-json\/wp\/v2\/media?parent=623"}],"wp:term":[{"taxonomy":"category","embeddable":true,"href":"http:\/\/www.zeytindergisi.com\/index.php\/wp-json\/wp\/v2\/categories?post=623"},{"taxonomy":"post_tag","embeddable":true,"href":"http:\/\/www.zeytindergisi.com\/index.php\/wp-json\/wp\/v2\/tags?post=623"}],"curies":[{"name":"wp","href":"https:\/\/api.w.org\/{rel}","templated":true}]}}