{"id":566,"date":"2023-09-29T13:34:34","date_gmt":"2023-09-29T10:34:34","guid":{"rendered":"http:\/\/www.zeytindergisi.com\/?p=566"},"modified":"2023-09-29T19:26:14","modified_gmt":"2023-09-29T16:26:14","slug":"gece-zeytin-toplanir-mi","status":"publish","type":"post","link":"http:\/\/www.zeytindergisi.com\/index.php\/2023\/09\/29\/gece-zeytin-toplanir-mi\/","title":{"rendered":"GECE ZEYT\u0130N TOPLANIR MI?"},"content":{"rendered":"\n<p>Geceleri ger\u00e7ekle\u015ftirilen zeytin hasad\u0131, s\u0131zma zeytinya\u011f\u0131 \u00fcretiminde en y\u00fcksek kaliteyi elde etmek i\u00e7in kullan\u0131lan bir y\u00f6ntemdir ve bu y\u00f6ntemin bir dizi teknik ve bilimsel faydas\u0131 bulunmaktad\u0131r.<\/p>\n\n\n\n<p><strong>\u0130deal S\u0131cakl\u0131k Kontrol\u00fc: <\/strong>So\u011fuk ekstraksiyon i\u015flemi, zeytinlerin d\u00fc\u015f\u00fck s\u0131cakl\u0131klarda \u00f6\u011f\u00fct\u00fclmesini gerektirir. Ye\u015fil veya erken hasat zeytinlerinin en iyi kalitede ya\u011f \u00fcretmesi i\u00e7in, bu meyvelerin Ekim ve Kas\u0131m aylar\u0131nda toplanmas\u0131 gerekir. Ancak, bu aylarda g\u00fcnd\u00fcz s\u0131cakl\u0131klar\u0131 genellikle hala y\u00fcksektir. Gece hasad\u0131, zeytinlerin daha d\u00fc\u015f\u00fck gece s\u0131cakl\u0131klar\u0131nda toplanmas\u0131n\u0131 sa\u011flayarak, meyvelerin ekstraksiyon i\u00e7in en uygun s\u0131cakl\u0131\u011fa sahip olmalar\u0131n\u0131 sa\u011flar. Bu, ya\u011f\u0131n kalitesini art\u0131r\u0131r \u00e7\u00fcnk\u00fc d\u00fc\u015f\u00fck s\u0131cakl\u0131klar, ya\u011f\u0131n oksidasyonunu ve kalite kayb\u0131n\u0131 \u00f6nler.<\/p>\n\n\n<div class=\"wp-block-image\">\n<figure class=\"aligncenter size-full\"><img loading=\"lazy\" decoding=\"async\" width=\"713\" height=\"273\" src=\"http:\/\/www.zeytindergisi.com\/wp-content\/uploads\/2023\/09\/night_harvest.jpg\" alt=\"\" class=\"wp-image-568\" srcset=\"http:\/\/www.zeytindergisi.com\/wp-content\/uploads\/2023\/09\/night_harvest.jpg 713w, http:\/\/www.zeytindergisi.com\/wp-content\/uploads\/2023\/09\/night_harvest-300x115.jpg 300w\" sizes=\"auto, (max-width: 713px) 100vw, 713px\" \/><\/figure>\n<\/div>\n\n\n<p><strong>Fermantasyonun \u00d6nlenmesi: <\/strong>S\u0131cakl\u0131k, zeytinlerin fermantasyon s\u00fcrecini h\u0131zland\u0131rabilir ve bu, zeytinya\u011f\u0131n\u0131n organoleptik \u00f6zelliklerini olumsuz etkileyebilir. Gece hasad\u0131, meyvelerin daha h\u0131zl\u0131 bir \u015fekilde i\u015flenmesini ve \u00f6\u011f\u00fct\u00fclmesini sa\u011flar. Bu, ya\u011f\u0131n tad\u0131n\u0131 ve rengini korur, istenmeyen tatlar\u0131n ve kokular\u0131n olu\u015fmas\u0131n\u0131 engeller.<\/p>\n\n\n\n<p><strong>Organoleptik \u00d6zelliklerin Korunmas\u0131: <\/strong>Gen\u00e7 zeytinler, y\u00fcksek seviyelerde bitki suyu ve \u015feker i\u00e7erir. Bu, gece hasad\u0131n\u0131n \u00f6nemini vurgular, \u00e7\u00fcnk\u00fc bu \u00f6zelliklerin korunmas\u0131, ya\u011f\u0131n lezzetini, kokusunu ve rengini etkileyen kritik fakt\u00f6rlerdir. Ayr\u0131ca, gen\u00e7 zeytinler daha d\u00fc\u015f\u00fck ya\u011f i\u00e7eri\u011fine sahiptir, ancak y\u00fcksek miktarda polifenol i\u00e7erirler. Bu, ya\u011f\u0131n sa\u011fl\u0131k yararlar\u0131n\u0131 art\u0131r\u0131r ve daha yo\u011fun bir tat profili olu\u015fturur.<\/p>\n\n\n\n<p>Sonu\u00e7 olarak, gece hasad\u0131, en y\u00fcksek kalitede s\u0131zma zeytinya\u011f\u0131 \u00fcretiminde \u00f6nemli bir fakt\u00f6rd\u00fcr. \u00d6zellikle ye\u015fil zeytinlerin kullan\u0131ld\u0131\u011f\u0131 &#8220;envero&#8221; d\u00f6neminde (zeytinlerin ye\u015filden menek\u015fe tonlar\u0131na d\u00f6nd\u00fc\u011f\u00fc d\u00f6nem), gece hasad\u0131yla elde edilen ya\u011flar, yo\u011fun ye\u015fil renkleri ve ola\u011fan\u00fcst\u00fc tatlar\u0131yla \u00f6ne \u00e7\u0131kar. Bu nedenle, zeytinya\u011f\u0131 \u00fcreticileri ve t\u00fcketicileri i\u00e7in gece hasad\u0131n\u0131n de\u011feri olduk\u00e7a y\u00fcksektir.<\/p>\n\n\n\n<p><strong><em>Zeytinya\u011f\u0131na kazand\u0131r\u0131lacak nefasetin de do\u011fam\u0131za bir bedeli oldu\u011funu da bir dip not olarak eklemek isteriz.<\/em><\/strong> Ku\u015flar do\u011fan\u0131n \u00f6nemli bir par\u00e7as\u0131d\u0131r ve \u00e7evremizdeki ekosistemlerin dengesini korumada kritik bir rol oynarlar. Ancak, modern tar\u0131m y\u00f6ntemlerinin artmas\u0131, ku\u015f pop\u00fclasyonlar\u0131 \u00fczerinde olumsuz etkilere neden olmaktad\u0131r.<\/p>\n\n\n\n<p>Tar\u0131m sekt\u00f6r\u00fcndeki h\u0131zl\u0131 geli\u015fmeler, \u00f6zellikle b\u00fcy\u00fck makinelerin kullan\u0131m\u0131n\u0131n yayg\u0131nla\u015fmas\u0131, ku\u015flar\u0131n ya\u015fam\u0131n\u0131 olumsuz etkileyebilir. \u00d6zellikle g\u00f6\u00e7men ku\u015flar i\u00e7in, tar\u0131m alanlar\u0131 g\u00f6\u00e7 rotalar\u0131nda kritik bir rol oynar. Ancak, gece vakti yap\u0131lan yo\u011fun hasat, bu ku\u015flar\u0131n dinlenme ve beslenme d\u00f6nemlerini bozabilir. Ku\u015flar, gece vakti \u00e7al\u0131\u015fan trakt\u00f6rlerin ve ayd\u0131nlatmalar\u0131n neden oldu\u011fu g\u00fcr\u00fclt\u00fc ve \u0131\u015f\u0131kla rahats\u0131z edilebilirler. Bu rahats\u0131zl\u0131k, ku\u015flar\u0131n dinlenme s\u00fcre\u00e7lerini ve g\u00f6\u00e7 yollar\u0131n\u0131 olumsuz etkileyebilir. Ayr\u0131ca, tar\u0131m makineleri taraf\u0131ndan yakalanan veya \u00f6ld\u00fcr\u00fclen ku\u015flar da olabilmektedir.<\/p>\n\n\n\n<p>Gece vakti tar\u0131m hasad\u0131n\u0131n d\u00fczenlenmesi, \u00f6zellikle g\u00f6men ku\u015flar\u0131n dinlenmesini engelleyecek d\u00f6nemde yap\u0131lmamas\u0131 ku\u015flar\u0131n dinlenme zamanlar\u0131nda korunmas\u0131 ve tar\u0131m uygulamalar\u0131n\u0131n \u00e7evreye daha az zarar verici hale getirilmesi ku\u015flar\u0131n ya\u015fam\u0131n\u0131 korurken tar\u0131m\u0131n s\u00fcrd\u00fcr\u00fclebilirli\u011fini de destekleyecektir.<\/p>\n","protected":false},"excerpt":{"rendered":"<p>Geceleri ger\u00e7ekle\u015ftirilen zeytin hasad\u0131, s\u0131zma zeytinya\u011f\u0131 \u00fcretiminde en y\u00fcksek kaliteyi elde etmek i\u00e7in kullan\u0131lan bir y\u00f6ntemdir ve bu y\u00f6ntemin bir dizi teknik ve bilimsel<\/p>\n","protected":false},"author":2,"featured_media":0,"comment_status":"closed","ping_status":"closed","sticky":false,"template":"","format":"standard","meta":{"footnotes":""},"categories":[1,10,17],"tags":[],"class_list":["post-566","post","type-post","status-publish","format-standard","hentry","category-genel","category-guncel","category-tarim"],"_links":{"self":[{"href":"http:\/\/www.zeytindergisi.com\/index.php\/wp-json\/wp\/v2\/posts\/566","targetHints":{"allow":["GET"]}}],"collection":[{"href":"http:\/\/www.zeytindergisi.com\/index.php\/wp-json\/wp\/v2\/posts"}],"about":[{"href":"http:\/\/www.zeytindergisi.com\/index.php\/wp-json\/wp\/v2\/types\/post"}],"author":[{"embeddable":true,"href":"http:\/\/www.zeytindergisi.com\/index.php\/wp-json\/wp\/v2\/users\/2"}],"replies":[{"embeddable":true,"href":"http:\/\/www.zeytindergisi.com\/index.php\/wp-json\/wp\/v2\/comments?post=566"}],"version-history":[{"count":4,"href":"http:\/\/www.zeytindergisi.com\/index.php\/wp-json\/wp\/v2\/posts\/566\/revisions"}],"predecessor-version":[{"id":572,"href":"http:\/\/www.zeytindergisi.com\/index.php\/wp-json\/wp\/v2\/posts\/566\/revisions\/572"}],"wp:attachment":[{"href":"http:\/\/www.zeytindergisi.com\/index.php\/wp-json\/wp\/v2\/media?parent=566"}],"wp:term":[{"taxonomy":"category","embeddable":true,"href":"http:\/\/www.zeytindergisi.com\/index.php\/wp-json\/wp\/v2\/categories?post=566"},{"taxonomy":"post_tag","embeddable":true,"href":"http:\/\/www.zeytindergisi.com\/index.php\/wp-json\/wp\/v2\/tags?post=566"}],"curies":[{"name":"wp","href":"https:\/\/api.w.org\/{rel}","templated":true}]}}