{"id":419,"date":"2015-07-02T15:55:00","date_gmt":"2015-07-02T12:55:00","guid":{"rendered":"http:\/\/www.zeytindergisi.com\/?p=419"},"modified":"2023-07-12T16:25:42","modified_gmt":"2023-07-12T13:25:42","slug":"zeytinyaginda-denetim","status":"publish","type":"post","link":"http:\/\/www.zeytindergisi.com\/index.php\/2015\/07\/02\/zeytinyaginda-denetim\/","title":{"rendered":"ZEYT\u0130NYA\u011eINDA DENET\u0130M"},"content":{"rendered":"\n<p><a href=\"http:\/\/www.nytimes.com\/\" target=\"_blank\" rel=\"noreferrer noopener\">New York Times<\/a> dergisinin yay\u0131nlad\u0131\u011f\u0131 haber ile Zeytin Ya\u011f\u0131 kalitesindeki sahtekarl\u0131\u011fa dikkat \u00e7ekildi. Piyasada &#8220;Extra Virgin&#8221; olarak sat\u0131lmakta olan 11 ayr\u0131 marka zeytinya\u011f\u0131, marketlerden sat\u0131n al\u0131narak, &#8220;National Consumers League&#8221; laboratuarlar\u0131nda analizleri yap\u0131ld\u0131. \u00dcr\u00fcnlerin &#8220;Made in Italy&#8221; etiketi ile yer ald\u0131\u011f\u0131 ancak ba\u015fka \u00fclkelerden gelen ya\u011f veya zeytinlerin i\u015flenmesi ile \u015fi\u015felenmi\u015f ve i\u00e7erisinde soya ya\u011f\u0131 benzeri di\u011fer ya\u011flara rastlanm\u0131\u015ft\u0131r.<\/p>\n\n\n\n<p><a href=\"http:\/\/www.zeytindergisi.com\/?p=421\" target=\"_blank\" rel=\"noreferrer noopener\">Lax Standardlar\u0131<\/a>na uygun olmayan \u00fcr\u00fcnler, \u00fcr\u00fcnlerinin sa\u011fl\u0131ks\u0131z ortamda bekletilmi\u015f olabilece\u011fini belirterek itiraz etmi\u015f olduklar\u0131ndan analizden sonra sa\u011fl\u0131kl\u0131 olduklar\u0131 belirlenen 5 marka a\u00e7\u0131klanm\u0131\u015ft\u0131r. Standard\u0131 kar\u015f\u0131lamayan firmalar\u0131n bir sonraki d\u00f6nemde tekrar analizleri yap\u0131lacakt\u0131r. \u0130talya&#8217;da \u00fcretilmi\u015f olarak etiketlenen piyasadaki kar\u0131\u015f\u0131ml\u0131 ve ger\u00e7ek\u00a0&#8220;Virgin&#8221; olmayan ya\u011flar ile ilgili olarak New York Times okuyucular\u0131na y\u00f6nelik\u00a0bilgilendirme i\u00e7erik sayfas\u0131n\u0131, linkimize\u00a0yapaca\u011f\u0131n\u0131z ziyaret\u00a0ile\u00a0izleyebilirsiniz. 2011 Y\u0131l\u0131nda California \u00dcniversitesinde yap\u0131lan \u00e7al\u0131\u015fmada Amerika Birle\u015fik\u00a0Devletlerinde sat\u0131lan zeytinya\u011flar\u0131n\u0131n %69&#8217;unun kar\u0131\u015f\u0131m oldu\u011fu raporlanm\u0131\u015ft\u0131r. Bu raporun \u00e7evirisini \u00f6n\u00fcm\u00fczdeki g\u00fcnlerde yay\u0131nlayaca\u011f\u0131z.<\/p>\n\n\n\n<p>Lax standard\u0131n\u0131 kar\u015f\u0131layan firmalar a\u015fa\u011f\u0131da listelenmi\u015ftir.<\/p>\n\n\n\n<ol class=\"wp-block-list\" type=\"1\">\n<li><a href=\"http:\/\/californiaoliveranch.com\/\" target=\"_blank\" rel=\"noreferrer noopener\">California Olive Ranch\ufeff<\/a> \/ Zeytinya\u011f\u0131 \u00fcreticisi<\/li>\n\n\n\n<li><a href=\"http:\/\/main.colavita.com\/\" target=\"_blank\" rel=\"noreferrer noopener\">Colavita\ufeff<\/a>&nbsp;\/ Zeytinya\u011f\u0131 \u00fcreticisi<\/li>\n\n\n\n<li><a href=\"https:\/\/en.wikipedia.org\/wiki\/Trader_Joe%27s#\/media\/File:Trader_Joes_Logo.svg\" target=\"_blank\" rel=\"noreferrer noopener\">Trader Joe\u2019s\ufeff<\/a> \/ Organik G\u0131da \u00dcr\u00fcnleri Ma\u011faza Zinciri<\/li>\n\n\n\n<li><a href=\"https:\/\/en.wikipedia.org\/wiki\/Trader_Joe%27s#\/media\/File:Trader_Joes_Logo.svg\" target=\"_blank\" rel=\"noreferrer noopener\">Trader Joe\u2019s\ufeff<\/a> \/ Organik G\u0131da \u00dcr\u00fcnleri Ma\u011faza Zinciri<\/li>\n\n\n\n<li><a href=\"https:\/\/www.lucini.com\/\" target=\"_blank\" rel=\"noreferrer noopener\">Lucini \ufeff<\/a>\/ \u0130talyan Men\u015feili zeytinya\u011f\u0131 \u00fcreticisi<\/li>\n<\/ol>\n\n\n\n<figure class=\"wp-block-image size-full\"><img loading=\"lazy\" decoding=\"async\" width=\"146\" height=\"147\" src=\"http:\/\/www.zeytindergisi.com\/wp-content\/uploads\/2023\/07\/sahtekar_front.jpg\" alt=\"\" class=\"wp-image-423\"\/><\/figure>\n","protected":false},"excerpt":{"rendered":"<p>New York Times dergisinin yay\u0131nlad\u0131\u011f\u0131 haber ile Zeytin Ya\u011f\u0131 kalitesindeki sahtekarl\u0131\u011fa dikkat \u00e7ekildi. Piyasada &#8220;Extra Virgin&#8221; olarak sat\u0131lmakta olan 11 ayr\u0131 marka zeytinya\u011f\u0131, marketlerden<\/p>\n","protected":false},"author":1,"featured_media":423,"comment_status":"closed","ping_status":"closed","sticky":false,"template":"","format":"standard","meta":{"footnotes":""},"categories":[1,41],"tags":[],"class_list":["post-419","post","type-post","status-publish","format-standard","has-post-thumbnail","hentry","category-genel","category-haber"],"_links":{"self":[{"href":"http:\/\/www.zeytindergisi.com\/index.php\/wp-json\/wp\/v2\/posts\/419","targetHints":{"allow":["GET"]}}],"collection":[{"href":"http:\/\/www.zeytindergisi.com\/index.php\/wp-json\/wp\/v2\/posts"}],"about":[{"href":"http:\/\/www.zeytindergisi.com\/index.php\/wp-json\/wp\/v2\/types\/post"}],"author":[{"embeddable":true,"href":"http:\/\/www.zeytindergisi.com\/index.php\/wp-json\/wp\/v2\/users\/1"}],"replies":[{"embeddable":true,"href":"http:\/\/www.zeytindergisi.com\/index.php\/wp-json\/wp\/v2\/comments?post=419"}],"version-history":[{"count":3,"href":"http:\/\/www.zeytindergisi.com\/index.php\/wp-json\/wp\/v2\/posts\/419\/revisions"}],"predecessor-version":[{"id":425,"href":"http:\/\/www.zeytindergisi.com\/index.php\/wp-json\/wp\/v2\/posts\/419\/revisions\/425"}],"wp:featuredmedia":[{"embeddable":true,"href":"http:\/\/www.zeytindergisi.com\/index.php\/wp-json\/wp\/v2\/media\/423"}],"wp:attachment":[{"href":"http:\/\/www.zeytindergisi.com\/index.php\/wp-json\/wp\/v2\/media?parent=419"}],"wp:term":[{"taxonomy":"category","embeddable":true,"href":"http:\/\/www.zeytindergisi.com\/index.php\/wp-json\/wp\/v2\/categories?post=419"},{"taxonomy":"post_tag","embeddable":true,"href":"http:\/\/www.zeytindergisi.com\/index.php\/wp-json\/wp\/v2\/tags?post=419"}],"curies":[{"name":"wp","href":"https:\/\/api.w.org\/{rel}","templated":true}]}}