{"id":202,"date":"2017-06-09T17:13:00","date_gmt":"2017-06-09T14:13:00","guid":{"rendered":"http:\/\/www.zeytindergisi.com\/?p=202"},"modified":"2023-06-24T17:24:32","modified_gmt":"2023-06-24T14:24:32","slug":"zeytinimize-sahip-cikmayi-ogreniyoruz","status":"publish","type":"post","link":"http:\/\/www.zeytindergisi.com\/index.php\/2017\/06\/09\/zeytinimize-sahip-cikmayi-ogreniyoruz\/","title":{"rendered":"SAH\u0130P \u00c7IKMAYI \u00d6\u011eREN\u0130YORUZ"},"content":{"rendered":"\n<p> 09.06.2017, 13:14<br>Zeytinliklerin imara a\u00e7\u0131lmas\u0131n\u0131 \u00f6ng\u00f6ren tasar\u0131 tepkiler do\u011frultusunda geri \u00e7ekildi. Son y\u0131llarda h\u00fck\u00fcmetin zeytincili\u011fe y\u00f6nelik hamlelerine toplumun farkl\u0131 kesimlerden sesler y\u00fckseldi\u011fini ve h\u00fck\u00fcmetin de bu durumlara kay\u0131ts\u0131z kalmad\u0131\u011f\u0131n\u0131 g\u00f6rmek sevindirici. Zeytin ve zeytinya\u011f\u0131 konusunda toplumumuzun bilinci tart\u0131\u015f\u0131labilir ancak hassasiyeti art\u0131k tart\u0131\u015f\u0131lamaz bir h\u00e2l ald\u0131. Bu tablo zeytin ve zeytinya\u011f\u0131na hem g\u00f6n\u00fcl hem de emek verenler i\u00e7in olduk\u00e7a umut verici.<br>TASARININ \u00c7EK\u0130LMES\u0130YLE HERKES KAZANDI<br>Demokrasi ne yaz\u0131k ki \u00e7o\u011funlu\u011fun veya \u00e7o\u011funluk temsilcilerinin isteklerinin yerine getirildi\u011fi bir y\u00f6netim bi\u00e7imi olarak biliniyor; oysa ki demokrasi bu kadar basit ve ac\u0131mas\u0131z bir siyasi mekanizma de\u011fil. Demokrasinin en \u00f6nemli kriterlerinden biri \u00e7o\u011funlu\u011fun veya \u00e7o\u011funlu\u011fu temsil edenlerin az\u0131nl\u0131\u011fa kar\u015f\u0131 tutumu. \u00c7o\u011funlu\u011fun her d\u00fc\u015f\u00fcncesi do\u011fru olmayaca\u011f\u0131 gibi, \u00e7o\u011funluk gibi d\u00fc\u015f\u00fcnmeyenlerin de haklar\u0131 korunmal\u0131 ve sesleri dinlenmeli. Demokrasi asl\u0131nda az\u0131nl\u0131klar\u0131n (\u00e7o\u011funlukta olmayanlar\u0131n) varl\u0131\u011f\u0131n\u0131 da garanti alt\u0131na alan bir \u00e7at\u0131. Zeytin sahalar\u0131yla ilgili tasar\u0131n\u0131n geri \u00e7ekilmesi asl\u0131nda demokrasi \u00e7arklar\u0131n\u0131n nas\u0131l \u00e7al\u0131\u015fmas\u0131 gerekti\u011fini ortaya koyan \u00f6nemli bir \u00f6rnek.<br>Tasar\u0131n\u0131n geri \u00e7ekilmesiyle h\u00fck\u00fcmet taraf\u0131ndan kamuoyuna \u201csize dinliyoruz ve hassasiyetinize sayg\u0131 duyuyoruz\u201d mesaj\u0131 verildi. Tasar\u0131ya tepki g\u00f6steren sokaktaki s\u0131radan insan\u0131ndan, zeytin \u00fcreticisine kadar t\u00fcm payda\u015flar ise seslerini do\u011fru bi\u00e7imde \u00e7\u0131kard\u0131klar\u0131nda hedeflerine ula\u015fabileceklerini g\u00f6rd\u00fc.<br>T\u00fcm bunlar\u0131 bir kenara koyarsak, bu s\u00fcre\u00e7te iki \u201cmarka\u201d \u00f6ne \u00e7\u0131karak dikkat \u00e7ekti; Tarkan ve \u0130zmir B\u00fcy\u00fck\u015fehir Belediyesi.<br>MEGA YILDIZ NE DEMEKM\u0130\u015e G\u00d6RD\u00dcK<br>Tarkan\u2019\u0131n sanat\u00e7\u0131 ki\u015fili\u011fi, kariyeri, topluma katt\u0131\u011f\u0131 de\u011fer tart\u0131\u015f\u0131labilir. Beyefendiyi be\u011fenirsiniz veya be\u011fenmezsiniz; de\u011ferlendirme ki\u015fiden ki\u015fiye de\u011fi\u015fir. Ancak tasar\u0131ya kar\u015f\u0131 yapt\u0131\u011f\u0131 a\u00e7\u0131klamayla tasar\u0131ya muhalefet eden kitlenin sesi oldu\u011fu bir ger\u00e7ek. A\u00e7\u0131klamas\u0131 bir bakan\u0131n medya kar\u015f\u0131s\u0131nda cevap verme ihtiyac\u0131 hissetmesini sa\u011flad\u0131.<br>Medyan\u0131n Tarkan\u2019\u0131 \u201cmega y\u0131ld\u0131z\u201d olarak adland\u0131rmas\u0131n\u0131n bo\u015f yere olmad\u0131\u011f\u0131n\u0131 birlikte anlam\u0131\u015f olduk.<\/p>\n","protected":false},"excerpt":{"rendered":"<p>09.06.2017, 13:14Zeytinliklerin imara a\u00e7\u0131lmas\u0131n\u0131 \u00f6ng\u00f6ren tasar\u0131 tepkiler do\u011frultusunda geri \u00e7ekildi. Son y\u0131llarda h\u00fck\u00fcmetin zeytincili\u011fe y\u00f6nelik hamlelerine toplumun farkl\u0131 kesimlerden sesler y\u00fckseldi\u011fini ve h\u00fck\u00fcmetin de<\/p>\n","protected":false},"author":2,"featured_media":203,"comment_status":"closed","ping_status":"closed","sticky":false,"template":"","format":"standard","meta":{"footnotes":""},"categories":[1],"tags":[18,19],"class_list":["post-202","post","type-post","status-publish","format-standard","has-post-thumbnail","hentry","category-genel","tag-zeytinimedokunma","tag-zeytindergisi"],"_links":{"self":[{"href":"http:\/\/www.zeytindergisi.com\/index.php\/wp-json\/wp\/v2\/posts\/202","targetHints":{"allow":["GET"]}}],"collection":[{"href":"http:\/\/www.zeytindergisi.com\/index.php\/wp-json\/wp\/v2\/posts"}],"about":[{"href":"http:\/\/www.zeytindergisi.com\/index.php\/wp-json\/wp\/v2\/types\/post"}],"author":[{"embeddable":true,"href":"http:\/\/www.zeytindergisi.com\/index.php\/wp-json\/wp\/v2\/users\/2"}],"replies":[{"embeddable":true,"href":"http:\/\/www.zeytindergisi.com\/index.php\/wp-json\/wp\/v2\/comments?post=202"}],"version-history":[{"count":3,"href":"http:\/\/www.zeytindergisi.com\/index.php\/wp-json\/wp\/v2\/posts\/202\/revisions"}],"predecessor-version":[{"id":524,"href":"http:\/\/www.zeytindergisi.com\/index.php\/wp-json\/wp\/v2\/posts\/202\/revisions\/524"}],"wp:featuredmedia":[{"embeddable":true,"href":"http:\/\/www.zeytindergisi.com\/index.php\/wp-json\/wp\/v2\/media\/203"}],"wp:attachment":[{"href":"http:\/\/www.zeytindergisi.com\/index.php\/wp-json\/wp\/v2\/media?parent=202"}],"wp:term":[{"taxonomy":"category","embeddable":true,"href":"http:\/\/www.zeytindergisi.com\/index.php\/wp-json\/wp\/v2\/categories?post=202"},{"taxonomy":"post_tag","embeddable":true,"href":"http:\/\/www.zeytindergisi.com\/index.php\/wp-json\/wp\/v2\/tags?post=202"}],"curies":[{"name":"wp","href":"https:\/\/api.w.org\/{rel}","templated":true}]}}